{"id":3630,"date":"2023-09-18T16:32:00","date_gmt":"2023-09-18T20:32:00","guid":{"rendered":"https:\/\/newprotg.wpenginepowered.com\/?p=3630"},"modified":"2026-01-27T13:10:32","modified_gmt":"2026-01-27T18:10:32","slug":"groupe-protech-inaugure-siege-social-agrandi-a-montreal","status":"publish","type":"post","link":"https:\/\/www.theprotechgroup.com\/fr\/groupe-protech-inaugure-siege-social-agrandi-a-montreal\/","title":{"rendered":"Le Groupe Protech inaugure son si\u00e8ge social agrandi \u00e0 Montr\u00e9al"},"content":{"rendered":"\n<h2 class=\"wp-block-heading\" id=\"h-the-protech-group-s-new-headquarters-built-for-the-future\"><strong>Le nouveau si\u00e8ge social du Groupe Protech, b\u00e2ti pour l\u2019avenir<\/strong><\/h2>\n\n<p>Le Groupe Protech a officiellement ouvert son nouveau si\u00e8ge social agrandi \u00e0 Montr\u00e9al, au Canada. Notre espace pr\u00eat pour l\u2019avenir est con\u00e7u pour rassembler les personnes, les \u00e9quipes et les id\u00e9es afin d\u2019am\u00e9liorer notre collaboration. <\/p>\n\n<p>Il ne s\u2019agit pas seulement de m\u00e8tres carr\u00e9s. Il s\u2019agit de cr\u00e9er un environnement de travail porteur de sens, qui favorise la collaboration au quotidien tout en soutenant l\u2019innovation \u00e0 long terme. Avec tous les services cl\u00e9s d\u00e9sormais r\u00e9unis sous un m\u00eame toit, le travail inter-fonctionnel est plus fluide, les communications sont plus rapides et le soutien aux clients est plus agile que jamais, tant pour les employ\u00e9s que pour les clients du Groupe Protech.  <\/p>\n\n<figure class=\"wp-block-image size-large is-resized\"><img loading=\"lazy\" decoding=\"async\" width=\"1200\" height=\"799\" src=\"https:\/\/www.theprotechgroup.com\/wp-content\/uploads\/2025\/07\/OFFICE1-1200x799.png\" alt=\"\" class=\"wp-image-3072\" style=\"aspect-ratio:1.7777777777777777;object-fit:cover;width:687px;height:auto\" srcset=\"https:\/\/www.theprotechgroup.com\/wp-content\/uploads\/2025\/07\/OFFICE1-1200x799.png 1200w, https:\/\/www.theprotechgroup.com\/wp-content\/uploads\/2025\/07\/OFFICE1-420x280.png 420w, https:\/\/www.theprotechgroup.com\/wp-content\/uploads\/2025\/07\/OFFICE1-220x147.png 220w, https:\/\/www.theprotechgroup.com\/wp-content\/uploads\/2025\/07\/OFFICE1-850x566.png 850w, https:\/\/www.theprotechgroup.com\/wp-content\/uploads\/2025\/07\/OFFICE1.png 1285w\" sizes=\"auto, (max-width: 1200px) 100vw, 1200px\" \/><\/figure>\n\n<h4 class=\"wp-block-heading\">POURQUOI NOUS AVONS AGRANDI NOS BUREAUX<\/h4>\n\n<p>Au cours des derni\u00e8res ann\u00e9es, la croissance s\u2019est poursuivie de fa\u00e7on constante : nouvelles embauches, augmentation du nombre de projets et r\u00e9duction des d\u00e9lais. L\u2019am\u00e9nagement pr\u00e9c\u00e9dent des bureaux ne refl\u00e9tait plus la r\u00e9alit\u00e9 de nos op\u00e9rations. Pour ces raisons, la d\u00e9cision du Groupe Protech d\u2019investir dans un nouveau si\u00e8ge social s\u2019est impos\u00e9e afin de soutenir notre croissance, d\u2019\u00e9voluer avec confiance et de maintenir des \u00e9quipes pleinement connect\u00e9es.  <\/p>\n\n<p>Une am\u00e9lioration simple, mais hautement symbolique ? Une cuisine et un espace commun enti\u00e8rement repens\u00e9s. Parce que m\u00eame la meilleure chimie commence par une conversation autour d\u2019un caf\u00e9, au si\u00e8ge social de Protech.  <\/p>\n\n<figure class=\"wp-block-image size-full is-resized is-style-default\"><img loading=\"lazy\" decoding=\"async\" width=\"764\" height=\"568\" src=\"https:\/\/www.theprotechgroup.com\/wp-content\/uploads\/2025\/07\/OFFICE3.png\" alt=\"\" class=\"wp-image-3074\" style=\"aspect-ratio:16\/9;object-fit:cover;width:685px;height:auto\" srcset=\"https:\/\/www.theprotechgroup.com\/wp-content\/uploads\/2025\/07\/OFFICE3.png 764w, https:\/\/www.theprotechgroup.com\/wp-content\/uploads\/2025\/07\/OFFICE3-420x312.png 420w, https:\/\/www.theprotechgroup.com\/wp-content\/uploads\/2025\/07\/OFFICE3-220x164.png 220w\" sizes=\"auto, (max-width: 764px) 100vw, 764px\" \/><\/figure>\n\n<h4 class=\"wp-block-heading\">CON\u00c7U POUR DEMAIN<\/h4>\n\n<p>Notre nouveau si\u00e8ge social a \u00e9t\u00e9 con\u00e7u en tenant compte de <strong>la durabilit\u00e9 et du bien-\u00eatre des employ\u00e9s<\/strong> : \u00e9clairage \u00e9co\u00e9nerg\u00e9tique, syst\u00e8mes CVAC optimis\u00e9s et infrastructures de tri des d\u00e9chets clairement identifi\u00e9es dans l\u2019ensemble du b\u00e2timent, d\u00e9montrant le leadership du Groupe Protech en mati\u00e8re de conception des milieux de travail.<\/p>\n\n<h4 class=\"wp-block-heading\">CE QUE CELA SIGNIFIE POUR NOS CLIENTS<\/h4>\n\n<p>Gr\u00e2ce \u00e0 une meilleure collaboration et \u00e0 des \u00e9quipes plus int\u00e9gr\u00e9es, le Groupe Protech est plus rapide, plus performant et plus soud\u00e9. Ce nouvel am\u00e9nagement nous permet de d\u00e9velopper des produits plus intelligents, d\u2019explorer des solutions plus durables et de soutenir nos clients avec une plus grande flexibilit\u00e9. <\/p>\n\n<p><strong>Parce que le progr\u00e8s commence par une bonne combinaison de personnes, d\u2019objectifs et de chimie. Et pour le Groupe Protech, cette nouvelle \u00e8re ne fait que commencer.<\/strong><\/p>\n\n<div class=\"wp-block-group\"><div class=\"wp-block-group__inner-container is-layout-constrained wp-block-group-is-layout-constrained\">\n<figure class=\"wp-block-gallery has-nested-images columns-default wp-block-gallery-1 is-layout-flex wp-block-gallery-is-layout-flex\">\n<figure class=\"wp-block-image size-large\"><img loading=\"lazy\" decoding=\"async\" width=\"572\" height=\"423\" data-id=\"3076\" src=\"https:\/\/www.theprotechgroup.com\/wp-content\/uploads\/2025\/07\/OFFICE4.png\" alt=\"\" class=\"wp-image-3076\" srcset=\"https:\/\/www.theprotechgroup.com\/wp-content\/uploads\/2025\/07\/OFFICE4.png 572w, https:\/\/www.theprotechgroup.com\/wp-content\/uploads\/2025\/07\/OFFICE4-420x311.png 420w, https:\/\/www.theprotechgroup.com\/wp-content\/uploads\/2025\/07\/OFFICE4-220x163.png 220w\" sizes=\"auto, (max-width: 572px) 100vw, 572px\" \/><\/figure>\n\n\n\n<figure class=\"wp-block-image size-large is-style-default\"><img loading=\"lazy\" decoding=\"async\" width=\"764\" height=\"570\" data-id=\"3077\" src=\"https:\/\/www.theprotechgroup.com\/wp-content\/uploads\/2025\/07\/OFFICE2.png\" alt=\"\" class=\"wp-image-3077\" srcset=\"https:\/\/www.theprotechgroup.com\/wp-content\/uploads\/2025\/07\/OFFICE2.png 764w, https:\/\/www.theprotechgroup.com\/wp-content\/uploads\/2025\/07\/OFFICE2-420x313.png 420w, https:\/\/www.theprotechgroup.com\/wp-content\/uploads\/2025\/07\/OFFICE2-220x164.png 220w\" sizes=\"auto, (max-width: 764px) 100vw, 764px\" \/><\/figure>\n<\/figure>\n<\/div><\/div>\n\n<div class=\"wp-block-buttons is-layout-flex wp-block-buttons-is-layout-flex\">\n<div class=\"wp-block-button\"><a class=\"wp-block-button__link wp-element-button\">D\u00e9couvrez notre r\u00e9seau mondial<\/a><\/div>\n<\/div>\n\n<p><\/p>\n","protected":false},"excerpt":{"rendered":"<p>B\u00e2tir pour l\u2019avenir.<\/p>\n","protected":false},"author":1,"featured_media":672,"comment_status":"closed","ping_status":"open","sticky":false,"template":"","format":"standard","meta":{"_acf_changed":false,"_relevanssi_hide_post":"","_relevanssi_hide_content":"","_relevanssi_pin_for_all":"","_relevanssi_pin_keywords":"","_relevanssi_unpin_keywords":"","_relevanssi_related_keywords":"","_relevanssi_related_include_ids":"","_relevanssi_related_exclude_ids":"","_relevanssi_related_no_append":"","_relevanssi_related_not_related":"","_relevanssi_related_posts":"","_relevanssi_noindex_reason":"","_price":"","_stock":"","_tribe_ticket_header":"","_tribe_default_ticket_provider":"","_tribe_ticket_capacity":"","_ticket_start_date":"","_ticket_end_date":"","_tribe_ticket_show_description":"","_tribe_ticket_show_not_going":false,"_tribe_ticket_use_global_stock":"","_tribe_ticket_global_stock_level":"","_global_stock_mode":"","_global_stock_cap":"","_tribe_rsvp_for_event":"","_tribe_ticket_going_count":"","_tribe_ticket_not_going_count":"","_tribe_tickets_list":"[]","_tribe_ticket_has_attendee_info_fields":false,"footnotes":""},"categories":[119],"tags":[154,136,153],"class_list":["post-3630","post","type-post","status-publish","format-standard","has-post-thumbnail","hentry","category-actualites-acquisitions","tag-expansion-fr","tag-le-groupe-protech","tag-siege-social-de-montreal"],"acf":[],"yoast_head":"<!-- This site is optimized with the Yoast SEO Premium plugin v27.4 (Yoast SEO v27.4) - https:\/\/yoast.com\/product\/yoast-seo-premium-wordpress\/ -->\n<title>Le Groupe Protech inaugure son si\u00e8ge social agrandi \u00e0 Montr\u00e9al - Le Groupe Protech - Solutions de rev\u00eatements industriels<\/title>\n<meta name=\"description\" content=\"D\u00e9couvrez le nouveau si\u00e8ge social du Groupe Protech \u00e0 Montr\u00e9al, con\u00e7u pour favoriser la collaboration et l\u2019innovation au sein des \u00e9quipes.\" \/>\n<meta name=\"robots\" content=\"index, follow, max-snippet:-1, max-image-preview:large, max-video-preview:-1\" \/>\n<link rel=\"canonical\" href=\"https:\/\/www.theprotechgroup.com\/fr\/groupe-protech-inaugure-siege-social-agrandi-a-montreal\/\" \/>\n<meta property=\"og:locale\" content=\"fr_FR\" \/>\n<meta property=\"og:type\" content=\"article\" \/>\n<meta property=\"og:title\" content=\"Le Groupe Protech inaugure son si\u00e8ge social agrandi \u00e0 Montr\u00e9al\" \/>\n<meta property=\"og:description\" content=\"D\u00e9couvrez le nouveau si\u00e8ge social du Groupe Protech \u00e0 Montr\u00e9al, con\u00e7u pour favoriser la collaboration et l\u2019innovation au sein des \u00e9quipes.\" \/>\n<meta property=\"og:url\" content=\"https:\/\/www.theprotechgroup.com\/fr\/groupe-protech-inaugure-siege-social-agrandi-a-montreal\/\" \/>\n<meta property=\"og:site_name\" content=\"Le Groupe Protech - Solutions de rev\u00eatements industriels\" \/>\n<meta property=\"article:published_time\" content=\"2023-09-18T20:32:00+00:00\" \/>\n<meta property=\"article:modified_time\" content=\"2026-01-27T18:10:32+00:00\" \/>\n<meta property=\"og:image\" content=\"https:\/\/www.theprotechgroup.com\/wp-content\/uploads\/2025\/05\/Banner-Homepage.jpg\" \/>\n\t<meta property=\"og:image:width\" content=\"1774\" \/>\n\t<meta property=\"og:image:height\" content=\"1163\" \/>\n\t<meta property=\"og:image:type\" content=\"image\/jpeg\" \/>\n<meta name=\"author\" content=\"Pegah\" \/>\n<meta name=\"twitter:card\" content=\"summary_large_image\" \/>\n<meta name=\"twitter:label1\" content=\"\u00c9crit par\" \/>\n\t<meta name=\"twitter:data1\" content=\"Pegah\" \/>\n\t<meta name=\"twitter:label2\" content=\"Dur\u00e9e de lecture estim\u00e9e\" \/>\n\t<meta name=\"twitter:data2\" content=\"2 minutes\" \/>\n<script type=\"application\/ld+json\" class=\"yoast-schema-graph\">{\"@context\":\"https:\\\/\\\/schema.org\",\"@graph\":[{\"@type\":\"Article\",\"@id\":\"https:\\\/\\\/www.theprotechgroup.com\\\/fr\\\/groupe-protech-inaugure-siege-social-agrandi-a-montreal\\\/#article\",\"isPartOf\":{\"@id\":\"https:\\\/\\\/www.theprotechgroup.com\\\/fr\\\/groupe-protech-inaugure-siege-social-agrandi-a-montreal\\\/\"},\"author\":{\"name\":\"Pegah\",\"@id\":\"https:\\\/\\\/www.theprotechgroup.com\\\/fr\\\/#\\\/schema\\\/person\\\/71c58ff909ad79a496d49a5c06b8483b\"},\"headline\":\"Le Groupe Protech inaugure son si\u00e8ge social agrandi \u00e0 Montr\u00e9al\",\"datePublished\":\"2023-09-18T20:32:00+00:00\",\"dateModified\":\"2026-01-27T18:10:32+00:00\",\"mainEntityOfPage\":{\"@id\":\"https:\\\/\\\/www.theprotechgroup.com\\\/fr\\\/groupe-protech-inaugure-siege-social-agrandi-a-montreal\\\/\"},\"wordCount\":442,\"publisher\":{\"@id\":\"https:\\\/\\\/www.theprotechgroup.com\\\/fr\\\/#organization\"},\"image\":{\"@id\":\"https:\\\/\\\/www.theprotechgroup.com\\\/fr\\\/groupe-protech-inaugure-siege-social-agrandi-a-montreal\\\/#primaryimage\"},\"thumbnailUrl\":\"https:\\\/\\\/www.theprotechgroup.com\\\/wp-content\\\/uploads\\\/2025\\\/05\\\/Banner-Homepage.jpg\",\"keywords\":[\"Expansion\",\"Le Groupe Protech\",\"Si\u00e8ge social de Montr\u00e9al\"],\"articleSection\":[\"Actualit\u00e9s\\\/Acquisitions\"],\"inLanguage\":\"fr-FR\",\"copyrightYear\":\"2023\",\"copyrightHolder\":{\"@id\":\"https:\\\/\\\/www.theprotechgroup.com\\\/#organization\"}},{\"@type\":\"WebPage\",\"@id\":\"https:\\\/\\\/www.theprotechgroup.com\\\/fr\\\/groupe-protech-inaugure-siege-social-agrandi-a-montreal\\\/\",\"url\":\"https:\\\/\\\/www.theprotechgroup.com\\\/fr\\\/groupe-protech-inaugure-siege-social-agrandi-a-montreal\\\/\",\"name\":\"Le Groupe Protech inaugure son si\u00e8ge social agrandi \u00e0 Montr\u00e9al - Le Groupe Protech - Solutions de rev\u00eatements industriels\",\"isPartOf\":{\"@id\":\"https:\\\/\\\/www.theprotechgroup.com\\\/fr\\\/#website\"},\"primaryImageOfPage\":{\"@id\":\"https:\\\/\\\/www.theprotechgroup.com\\\/fr\\\/groupe-protech-inaugure-siege-social-agrandi-a-montreal\\\/#primaryimage\"},\"image\":{\"@id\":\"https:\\\/\\\/www.theprotechgroup.com\\\/fr\\\/groupe-protech-inaugure-siege-social-agrandi-a-montreal\\\/#primaryimage\"},\"thumbnailUrl\":\"https:\\\/\\\/www.theprotechgroup.com\\\/wp-content\\\/uploads\\\/2025\\\/05\\\/Banner-Homepage.jpg\",\"datePublished\":\"2023-09-18T20:32:00+00:00\",\"dateModified\":\"2026-01-27T18:10:32+00:00\",\"description\":\"D\u00e9couvrez le nouveau si\u00e8ge social du Groupe Protech \u00e0 Montr\u00e9al, con\u00e7u pour favoriser la collaboration et l\u2019innovation au sein des \u00e9quipes.\",\"breadcrumb\":{\"@id\":\"https:\\\/\\\/www.theprotechgroup.com\\\/fr\\\/groupe-protech-inaugure-siege-social-agrandi-a-montreal\\\/#breadcrumb\"},\"inLanguage\":\"fr-FR\",\"potentialAction\":[{\"@type\":\"ReadAction\",\"target\":[\"https:\\\/\\\/www.theprotechgroup.com\\\/fr\\\/groupe-protech-inaugure-siege-social-agrandi-a-montreal\\\/\"]}]},{\"@type\":\"ImageObject\",\"inLanguage\":\"fr-FR\",\"@id\":\"https:\\\/\\\/www.theprotechgroup.com\\\/fr\\\/groupe-protech-inaugure-siege-social-agrandi-a-montreal\\\/#primaryimage\",\"url\":\"https:\\\/\\\/www.theprotechgroup.com\\\/wp-content\\\/uploads\\\/2025\\\/05\\\/Banner-Homepage.jpg\",\"contentUrl\":\"https:\\\/\\\/www.theprotechgroup.com\\\/wp-content\\\/uploads\\\/2025\\\/05\\\/Banner-Homepage.jpg\",\"width\":1774,\"height\":1163},{\"@type\":\"BreadcrumbList\",\"@id\":\"https:\\\/\\\/www.theprotechgroup.com\\\/fr\\\/groupe-protech-inaugure-siege-social-agrandi-a-montreal\\\/#breadcrumb\",\"itemListElement\":[{\"@type\":\"ListItem\",\"position\":1,\"name\":\"Home\",\"item\":\"https:\\\/\\\/www.theprotechgroup.com\\\/fr\\\/\"},{\"@type\":\"ListItem\",\"position\":2,\"name\":\"Le Groupe Protech inaugure son si\u00e8ge social agrandi \u00e0 Montr\u00e9al\"}]},{\"@type\":\"WebSite\",\"@id\":\"https:\\\/\\\/www.theprotechgroup.com\\\/fr\\\/#website\",\"url\":\"https:\\\/\\\/www.theprotechgroup.com\\\/fr\\\/\",\"name\":\"Protech Group Industrial Coating Solutions\",\"description\":\"Fabricant de rev\u00eatements en poudre, de rev\u00eatements liquides et de mat\u00e9riaux sp\u00e9cialis\u00e9s\",\"publisher\":{\"@id\":\"https:\\\/\\\/www.theprotechgroup.com\\\/fr\\\/#organization\"},\"potentialAction\":[{\"@type\":\"SearchAction\",\"target\":{\"@type\":\"EntryPoint\",\"urlTemplate\":\"https:\\\/\\\/www.theprotechgroup.com\\\/fr\\\/?s={search_term_string}\"},\"query-input\":{\"@type\":\"PropertyValueSpecification\",\"valueRequired\":true,\"valueName\":\"search_term_string\"}}],\"inLanguage\":\"fr-FR\"},{\"@type\":[\"Organization\",\"Place\"],\"@id\":\"https:\\\/\\\/www.theprotechgroup.com\\\/fr\\\/#organization\",\"name\":\"Protech Group Industrial Coating Solutions\",\"alternateName\":\"Protech Group\",\"url\":\"https:\\\/\\\/www.theprotechgroup.com\\\/fr\\\/\",\"logo\":{\"@id\":\"https:\\\/\\\/www.theprotechgroup.com\\\/fr\\\/groupe-protech-inaugure-siege-social-agrandi-a-montreal\\\/#local-main-organization-logo\"},\"image\":{\"@id\":\"https:\\\/\\\/www.theprotechgroup.com\\\/fr\\\/groupe-protech-inaugure-siege-social-agrandi-a-montreal\\\/#local-main-organization-logo\"},\"sameAs\":[\"https:\\\/\\\/www.linkedin.com\\\/company\\\/protechgroup\"],\"telephone\":[],\"openingHoursSpecification\":[{\"@type\":\"OpeningHoursSpecification\",\"dayOfWeek\":[\"Monday\",\"Tuesday\",\"Wednesday\",\"Thursday\",\"Friday\",\"Saturday\",\"Sunday\"],\"opens\":\"09:00\",\"closes\":\"17:00\"}]},{\"@type\":\"Person\",\"@id\":\"https:\\\/\\\/www.theprotechgroup.com\\\/fr\\\/#\\\/schema\\\/person\\\/71c58ff909ad79a496d49a5c06b8483b\",\"name\":\"Pegah\",\"image\":{\"@type\":\"ImageObject\",\"inLanguage\":\"fr-FR\",\"@id\":\"https:\\\/\\\/secure.gravatar.com\\\/avatar\\\/fc4ec7d247b96d94214d8d479d9cfa8a2c24dc7d07720abe0fbe8ab30bd488fd?s=96&d=mm&r=g\",\"url\":\"https:\\\/\\\/secure.gravatar.com\\\/avatar\\\/fc4ec7d247b96d94214d8d479d9cfa8a2c24dc7d07720abe0fbe8ab30bd488fd?s=96&d=mm&r=g\",\"contentUrl\":\"https:\\\/\\\/secure.gravatar.com\\\/avatar\\\/fc4ec7d247b96d94214d8d479d9cfa8a2c24dc7d07720abe0fbe8ab30bd488fd?s=96&d=mm&r=g\",\"caption\":\"Pegah\"},\"sameAs\":[\"https:\\\/\\\/www.theprotechgroup.com\"],\"url\":\"https:\\\/\\\/www.theprotechgroup.com\\\/fr\\\/author\\\/newprotg\\\/\"},{\"@type\":\"ImageObject\",\"inLanguage\":\"fr-FR\",\"@id\":\"https:\\\/\\\/www.theprotechgroup.com\\\/fr\\\/groupe-protech-inaugure-siege-social-agrandi-a-montreal\\\/#local-main-organization-logo\",\"url\":\"https:\\\/\\\/www.theprotechgroup.com\\\/wp-content\\\/uploads\\\/2025\\\/05\\\/cropped-Logo-PG-P-Only-Mix-on-Black-Background-JPG.jpg\",\"contentUrl\":\"https:\\\/\\\/www.theprotechgroup.com\\\/wp-content\\\/uploads\\\/2025\\\/05\\\/cropped-Logo-PG-P-Only-Mix-on-Black-Background-JPG.jpg\",\"width\":512,\"height\":512,\"caption\":\"Protech Group Industrial Coating Solutions\"}]}<\/script>\n<!-- \/ Yoast SEO Premium plugin. -->","yoast_head_json":{"title":"Le Groupe Protech inaugure son si\u00e8ge social agrandi \u00e0 Montr\u00e9al - Le Groupe Protech - Solutions de rev\u00eatements industriels","description":"D\u00e9couvrez le nouveau si\u00e8ge social du Groupe Protech \u00e0 Montr\u00e9al, con\u00e7u pour favoriser la collaboration et l\u2019innovation au sein des \u00e9quipes.","robots":{"index":"index","follow":"follow","max-snippet":"max-snippet:-1","max-image-preview":"max-image-preview:large","max-video-preview":"max-video-preview:-1"},"canonical":"https:\/\/www.theprotechgroup.com\/fr\/groupe-protech-inaugure-siege-social-agrandi-a-montreal\/","og_locale":"fr_FR","og_type":"article","og_title":"Le Groupe Protech inaugure son si\u00e8ge social agrandi \u00e0 Montr\u00e9al","og_description":"D\u00e9couvrez le nouveau si\u00e8ge social du Groupe Protech \u00e0 Montr\u00e9al, con\u00e7u pour favoriser la collaboration et l\u2019innovation au sein des \u00e9quipes.","og_url":"https:\/\/www.theprotechgroup.com\/fr\/groupe-protech-inaugure-siege-social-agrandi-a-montreal\/","og_site_name":"Le Groupe Protech - Solutions de rev\u00eatements industriels","article_published_time":"2023-09-18T20:32:00+00:00","article_modified_time":"2026-01-27T18:10:32+00:00","og_image":[{"width":1774,"height":1163,"url":"https:\/\/www.theprotechgroup.com\/wp-content\/uploads\/2025\/05\/Banner-Homepage.jpg","type":"image\/jpeg"}],"author":"Pegah","twitter_card":"summary_large_image","twitter_misc":{"\u00c9crit par":"Pegah","Dur\u00e9e de lecture estim\u00e9e":"2 minutes"},"schema":{"@context":"https:\/\/schema.org","@graph":[{"@type":"Article","@id":"https:\/\/www.theprotechgroup.com\/fr\/groupe-protech-inaugure-siege-social-agrandi-a-montreal\/#article","isPartOf":{"@id":"https:\/\/www.theprotechgroup.com\/fr\/groupe-protech-inaugure-siege-social-agrandi-a-montreal\/"},"author":{"name":"Pegah","@id":"https:\/\/www.theprotechgroup.com\/fr\/#\/schema\/person\/71c58ff909ad79a496d49a5c06b8483b"},"headline":"Le Groupe Protech inaugure son si\u00e8ge social agrandi \u00e0 Montr\u00e9al","datePublished":"2023-09-18T20:32:00+00:00","dateModified":"2026-01-27T18:10:32+00:00","mainEntityOfPage":{"@id":"https:\/\/www.theprotechgroup.com\/fr\/groupe-protech-inaugure-siege-social-agrandi-a-montreal\/"},"wordCount":442,"publisher":{"@id":"https:\/\/www.theprotechgroup.com\/fr\/#organization"},"image":{"@id":"https:\/\/www.theprotechgroup.com\/fr\/groupe-protech-inaugure-siege-social-agrandi-a-montreal\/#primaryimage"},"thumbnailUrl":"https:\/\/www.theprotechgroup.com\/wp-content\/uploads\/2025\/05\/Banner-Homepage.jpg","keywords":["Expansion","Le Groupe Protech","Si\u00e8ge social de Montr\u00e9al"],"articleSection":["Actualit\u00e9s\/Acquisitions"],"inLanguage":"fr-FR","copyrightYear":"2023","copyrightHolder":{"@id":"https:\/\/www.theprotechgroup.com\/#organization"}},{"@type":"WebPage","@id":"https:\/\/www.theprotechgroup.com\/fr\/groupe-protech-inaugure-siege-social-agrandi-a-montreal\/","url":"https:\/\/www.theprotechgroup.com\/fr\/groupe-protech-inaugure-siege-social-agrandi-a-montreal\/","name":"Le Groupe Protech inaugure son si\u00e8ge social agrandi \u00e0 Montr\u00e9al - Le Groupe Protech - Solutions de rev\u00eatements industriels","isPartOf":{"@id":"https:\/\/www.theprotechgroup.com\/fr\/#website"},"primaryImageOfPage":{"@id":"https:\/\/www.theprotechgroup.com\/fr\/groupe-protech-inaugure-siege-social-agrandi-a-montreal\/#primaryimage"},"image":{"@id":"https:\/\/www.theprotechgroup.com\/fr\/groupe-protech-inaugure-siege-social-agrandi-a-montreal\/#primaryimage"},"thumbnailUrl":"https:\/\/www.theprotechgroup.com\/wp-content\/uploads\/2025\/05\/Banner-Homepage.jpg","datePublished":"2023-09-18T20:32:00+00:00","dateModified":"2026-01-27T18:10:32+00:00","description":"D\u00e9couvrez le nouveau si\u00e8ge social du Groupe Protech \u00e0 Montr\u00e9al, con\u00e7u pour favoriser la collaboration et l\u2019innovation au sein des \u00e9quipes.","breadcrumb":{"@id":"https:\/\/www.theprotechgroup.com\/fr\/groupe-protech-inaugure-siege-social-agrandi-a-montreal\/#breadcrumb"},"inLanguage":"fr-FR","potentialAction":[{"@type":"ReadAction","target":["https:\/\/www.theprotechgroup.com\/fr\/groupe-protech-inaugure-siege-social-agrandi-a-montreal\/"]}]},{"@type":"ImageObject","inLanguage":"fr-FR","@id":"https:\/\/www.theprotechgroup.com\/fr\/groupe-protech-inaugure-siege-social-agrandi-a-montreal\/#primaryimage","url":"https:\/\/www.theprotechgroup.com\/wp-content\/uploads\/2025\/05\/Banner-Homepage.jpg","contentUrl":"https:\/\/www.theprotechgroup.com\/wp-content\/uploads\/2025\/05\/Banner-Homepage.jpg","width":1774,"height":1163},{"@type":"BreadcrumbList","@id":"https:\/\/www.theprotechgroup.com\/fr\/groupe-protech-inaugure-siege-social-agrandi-a-montreal\/#breadcrumb","itemListElement":[{"@type":"ListItem","position":1,"name":"Home","item":"https:\/\/www.theprotechgroup.com\/fr\/"},{"@type":"ListItem","position":2,"name":"Le Groupe Protech inaugure son si\u00e8ge social agrandi \u00e0 Montr\u00e9al"}]},{"@type":"WebSite","@id":"https:\/\/www.theprotechgroup.com\/fr\/#website","url":"https:\/\/www.theprotechgroup.com\/fr\/","name":"Protech Group Industrial Coating Solutions","description":"Fabricant de rev\u00eatements en poudre, de rev\u00eatements liquides et de mat\u00e9riaux sp\u00e9cialis\u00e9s","publisher":{"@id":"https:\/\/www.theprotechgroup.com\/fr\/#organization"},"potentialAction":[{"@type":"SearchAction","target":{"@type":"EntryPoint","urlTemplate":"https:\/\/www.theprotechgroup.com\/fr\/?s={search_term_string}"},"query-input":{"@type":"PropertyValueSpecification","valueRequired":true,"valueName":"search_term_string"}}],"inLanguage":"fr-FR"},{"@type":["Organization","Place"],"@id":"https:\/\/www.theprotechgroup.com\/fr\/#organization","name":"Protech Group Industrial Coating Solutions","alternateName":"Protech Group","url":"https:\/\/www.theprotechgroup.com\/fr\/","logo":{"@id":"https:\/\/www.theprotechgroup.com\/fr\/groupe-protech-inaugure-siege-social-agrandi-a-montreal\/#local-main-organization-logo"},"image":{"@id":"https:\/\/www.theprotechgroup.com\/fr\/groupe-protech-inaugure-siege-social-agrandi-a-montreal\/#local-main-organization-logo"},"sameAs":["https:\/\/www.linkedin.com\/company\/protechgroup"],"telephone":[],"openingHoursSpecification":[{"@type":"OpeningHoursSpecification","dayOfWeek":["Monday","Tuesday","Wednesday","Thursday","Friday","Saturday","Sunday"],"opens":"09:00","closes":"17:00"}]},{"@type":"Person","@id":"https:\/\/www.theprotechgroup.com\/fr\/#\/schema\/person\/71c58ff909ad79a496d49a5c06b8483b","name":"Pegah","image":{"@type":"ImageObject","inLanguage":"fr-FR","@id":"https:\/\/secure.gravatar.com\/avatar\/fc4ec7d247b96d94214d8d479d9cfa8a2c24dc7d07720abe0fbe8ab30bd488fd?s=96&d=mm&r=g","url":"https:\/\/secure.gravatar.com\/avatar\/fc4ec7d247b96d94214d8d479d9cfa8a2c24dc7d07720abe0fbe8ab30bd488fd?s=96&d=mm&r=g","contentUrl":"https:\/\/secure.gravatar.com\/avatar\/fc4ec7d247b96d94214d8d479d9cfa8a2c24dc7d07720abe0fbe8ab30bd488fd?s=96&d=mm&r=g","caption":"Pegah"},"sameAs":["https:\/\/www.theprotechgroup.com"],"url":"https:\/\/www.theprotechgroup.com\/fr\/author\/newprotg\/"},{"@type":"ImageObject","inLanguage":"fr-FR","@id":"https:\/\/www.theprotechgroup.com\/fr\/groupe-protech-inaugure-siege-social-agrandi-a-montreal\/#local-main-organization-logo","url":"https:\/\/www.theprotechgroup.com\/wp-content\/uploads\/2025\/05\/cropped-Logo-PG-P-Only-Mix-on-Black-Background-JPG.jpg","contentUrl":"https:\/\/www.theprotechgroup.com\/wp-content\/uploads\/2025\/05\/cropped-Logo-PG-P-Only-Mix-on-Black-Background-JPG.jpg","width":512,"height":512,"caption":"Protech Group Industrial Coating Solutions"}]}},"_links":{"self":[{"href":"https:\/\/www.theprotechgroup.com\/fr\/wp-json\/wp\/v2\/posts\/3630","targetHints":{"allow":["GET"]}}],"collection":[{"href":"https:\/\/www.theprotechgroup.com\/fr\/wp-json\/wp\/v2\/posts"}],"about":[{"href":"https:\/\/www.theprotechgroup.com\/fr\/wp-json\/wp\/v2\/types\/post"}],"author":[{"embeddable":true,"href":"https:\/\/www.theprotechgroup.com\/fr\/wp-json\/wp\/v2\/users\/1"}],"replies":[{"embeddable":true,"href":"https:\/\/www.theprotechgroup.com\/fr\/wp-json\/wp\/v2\/comments?post=3630"}],"version-history":[{"count":0,"href":"https:\/\/www.theprotechgroup.com\/fr\/wp-json\/wp\/v2\/posts\/3630\/revisions"}],"wp:featuredmedia":[{"embeddable":true,"href":"https:\/\/www.theprotechgroup.com\/fr\/wp-json\/wp\/v2\/media\/672"}],"wp:attachment":[{"href":"https:\/\/www.theprotechgroup.com\/fr\/wp-json\/wp\/v2\/media?parent=3630"}],"wp:term":[{"taxonomy":"category","embeddable":true,"href":"https:\/\/www.theprotechgroup.com\/fr\/wp-json\/wp\/v2\/categories?post=3630"},{"taxonomy":"post_tag","embeddable":true,"href":"https:\/\/www.theprotechgroup.com\/fr\/wp-json\/wp\/v2\/tags?post=3630"}],"curies":[{"name":"wp","href":"https:\/\/api.w.org\/{rel}","templated":true}]}}